{"id":1351,"date":"2019-01-26T11:49:52","date_gmt":"2019-01-26T09:49:52","guid":{"rendered":"https:\/\/dev.viata.ga\/?p=1351"},"modified":"2019-02-07T22:55:29","modified_gmt":"2019-02-07T20:55:29","slug":"ce-gandim-cum-gandim","status":"publish","type":"post","link":"https:\/\/www.viata.org\/ro\/2019\/01\/ce-gandim-cum-gandim\/","title":{"rendered":"Ce g\u00e2ndim, cum g\u00e2ndim"},"content":{"rendered":"<h3 style=\"text-align: justify;\"><strong><em>Ce g\u00e2ndim, cum g\u00e2ndim<\/em><\/strong><\/h3>\n<p style=\"text-align: justify;\"><strong><em>Ce g\u00e2ndim \u0219i cum g\u00e2ndim este ceea ce ne define\u0219te pe fiecare din noi<\/em><\/strong>.&nbsp; Indiferent cum ne-am n\u0103scut, unde, \u00een ce condi\u021bii materiale, indiferent de ORICE, ceea ce am g\u00e2ndit \u0219i cum am g\u00e2ndit ne-a f\u0103cut s\u0103 fim\/ajungem ceea ce suntem. Totul devine neimportant \u00een fa\u021ba a \u201dce g\u00e2ndim \u0219i cum g\u00e2ndim\u201d.<\/p>\n<p style=\"text-align: justify;\">Pentru c\u0103 ce g\u00e2ndim \u0219i cum g\u00e2ndim ne face face, literalmente, via\u021ba.<\/p>\n<p style=\"text-align: justify;\"><strong><em><a href=\"https:\/\/www.viata.org\/ro\/2019\/01\/perceptia-lucrurilor\/\">Percep\u021bia asupra orice<\/a> este determinat\u0103 de ce g\u00e2ndim \u0219i cum g\u00e2ndim.<\/em><\/strong> ASUPRA ORICE!!<\/p>\n<p style=\"text-align: justify;\"><strong><em><a href=\"https:\/\/www.viata.org\/ro\/2019\/01\/experientele-noastre\/\">Experien\u021bele noastre<\/a> sunt determinate de ce g\u00e2ndim \u0219i cum g\u00e2ndim.<\/em><\/strong> F\u0103r\u0103 excep\u021bie.<\/p>\n<p style=\"text-align: justify;\">Este primul \u0219i ultimul lucru care conteaz\u0103 \u00een via\u021ba noastr\u0103. Este <a href=\"https:\/\/www.viata.org\/ro\/2019\/01\/aspectul-care-le-determina-pe-toate-celelalte\/\"><strong><em>aspectul care le determin\u0103 pe toate celelalte<\/em><\/strong><\/a>.<\/p>\n<p style=\"text-align: justify;\">Cu drag,<\/p>\n<p style=\"text-align: right;\">Sebastian \u0219i C\u0103t\u0103lina<\/p>\n<p style=\"text-align: right;\">14 ianuarie 2019<\/p>","protected":false},"excerpt":{"rendered":"<p>Ce g\u00e2ndim \u0219i cum g\u00e2ndim este ceea ce ne define\u0219te pe fiecare din noi.&nbsp; Indiferent cum ne-am n\u0103scut, unde, \u00een ce condi\u021bii materiale, indiferent de ORICE, ceea ce am g\u00e2ndit \u0219i cum am g\u00e2ndit ne-a f\u0103cut s\u0103 fim\/ajungem ceea ce suntem. Totul devine neimportant \u00een fa\u021ba a \u201dce g\u00e2ndim \u0219i cum g\u00e2ndim\u201d. Pentru c\u0103 ce&#8230;<\/p>\n","protected":false},"author":2,"featured_media":2627,"comment_status":"open","ping_status":"open","sticky":false,"template":"","format":"standard","meta":{"_bbp_topic_count":0,"_bbp_reply_count":0,"_bbp_total_topic_count":0,"_bbp_total_reply_count":0,"_bbp_voice_count":0,"_bbp_anonymous_reply_count":0,"_bbp_topic_count_hidden":0,"_bbp_reply_count_hidden":0,"_bbp_forum_subforum_count":0,"footnotes":""},"categories":[117],"tags":[],"class_list":["post-1351","post","type-post","status-publish","format-standard","has-post-thumbnail","hentry","category-ce-gandim-cum-gandim"],"_links":{"self":[{"href":"https:\/\/www.viata.org\/ro\/wp-json\/wp\/v2\/posts\/1351","targetHints":{"allow":["GET"]}}],"collection":[{"href":"https:\/\/www.viata.org\/ro\/wp-json\/wp\/v2\/posts"}],"about":[{"href":"https:\/\/www.viata.org\/ro\/wp-json\/wp\/v2\/types\/post"}],"author":[{"embeddable":true,"href":"https:\/\/www.viata.org\/ro\/wp-json\/wp\/v2\/users\/2"}],"replies":[{"embeddable":true,"href":"https:\/\/www.viata.org\/ro\/wp-json\/wp\/v2\/comments?post=1351"}],"version-history":[{"count":14,"href":"https:\/\/www.viata.org\/ro\/wp-json\/wp\/v2\/posts\/1351\/revisions"}],"predecessor-version":[{"id":2630,"href":"https:\/\/www.viata.org\/ro\/wp-json\/wp\/v2\/posts\/1351\/revisions\/2630"}],"wp:featuredmedia":[{"embeddable":true,"href":"https:\/\/www.viata.org\/ro\/wp-json\/wp\/v2\/media\/2627"}],"wp:attachment":[{"href":"https:\/\/www.viata.org\/ro\/wp-json\/wp\/v2\/media?parent=1351"}],"wp:term":[{"taxonomy":"category","embeddable":true,"href":"https:\/\/www.viata.org\/ro\/wp-json\/wp\/v2\/categories?post=1351"},{"taxonomy":"post_tag","embeddable":true,"href":"https:\/\/www.viata.org\/ro\/wp-json\/wp\/v2\/tags?post=1351"}],"curies":[{"name":"wp","href":"https:\/\/api.w.org\/{rel}","templated":true}]}}