{"id":1354,"date":"2019-01-26T11:54:04","date_gmt":"2019-01-26T09:54:04","guid":{"rendered":"https:\/\/dev.viata.ga\/?p=1354"},"modified":"2019-02-11T20:53:28","modified_gmt":"2019-02-11T18:53:28","slug":"perceptia-lucrurilor","status":"publish","type":"post","link":"https:\/\/www.viata.org\/ro\/2019\/01\/perceptia-lucrurilor\/","title":{"rendered":"Percep\u021bia lucrurilor"},"content":{"rendered":"<h3 style=\"text-align: justify;\"><strong><em>Percep\u021bia lucrurilor<\/em><\/strong><\/h3>\n<p style=\"text-align: justify;\"><strong><em>Percep\u021bia asupra orice este determinat\u0103 de ce g\u00e2ndim \u0219i cum g\u00e2ndim.<\/em><\/strong> ASUPRA ORICE!!<\/p>\n<p style=\"text-align: justify;\">Ce \u00eenseamn\u0103 asta?<\/p>\n\n<ul style=\"text-align: justify;\">\n \t<li>\u00cen fiecare secund\u0103 noi vedem, auzim, sim\u021bim, mirosim, gust\u0103m&#8230; adic\u0103 percepem ceea ce se \u00eent\u00e2mpl\u0103 \u00een jurul nostru \u0219i cu noi.<\/li>\n \t<li><em>\u00cen func\u021bie de ceea ce g\u00e2ndim \u0219i de cum g\u00e2ndim, ceea ce percepem este diferit, chiar dac\u0103, de fapt, situa\u021bia\/lucrul perceput este, \u00een sine, aceea\u0219i.<\/em> Adic\u0103, atunci c\u00e2nd e\u0219ti \u00eentr-o stare de bucurie, de extaz, de lini\u0219te interioar\u0103, de relaxare, o zi rece de toamn\u0103 \u00een care plou\u0103 m\u0103runt este perceput\u0103 ca o zi minunat\u0103, pl\u0103cut\u0103, romantic\u0103, normal\u0103 (pentru acest anotimp). Aceea\u0219i zi c\u00e2nd e\u0219ti \u00eens\u0103 \u00eentr-o stare de depresie, de plictiseal\u0103, de lips\u0103 de chef de via\u021b\u0103 este perceput\u0103 ca o zi mohor\u00e2t\u0103, ur\u00e2t\u0103, rece, nepl\u0103cut\u0103 etc. Singura diferen\u021b\u0103 \u00eentre cele dou\u0103 situa\u021bii este percep\u021bia noastr\u0103, starea noastr\u0103 de la momentul respectiv care ne filtreaz\u0103 realitatea din jur. AT\u00c2T! Ziua este aceea\u0219i! \u00cen mod normal orice persoan\u0103 a sim\u021bit aceast\u0103 diferen\u021b\u0103. Dac\u0103 cineva, spre exemplu, crede c\u0103 nu a sim\u021bit niciodat\u0103 o astfel de zi ca o zi minunat\u0103, pl\u0103cut\u0103, este fie pentru c\u0103 nu-\u0219i mai aduce aminte c\u00e2nd a f\u0103cut asta ultima oar\u0103 (din p\u0103cate!) datorit\u0103 modului \u00een care a perceput via\u021ba \u00een ultima perioad\u0103, fie chiar a perceput-o mohor\u00e2t\u0103, ur\u00e2t\u0103, rece etc \u00eenc\u0103 din primi ani de via\u021b\u0103, datorit\u0103 unei conjuncturi anume.<\/li>\n \t<li><strong><em>Ce g\u00e2ndim \u0219i cum g\u00e2ndim vine ca un filtru asupra realit\u0103\u021bii\/situa\u021biei: ne determin\u0103 s\u0103 o vedem \u00eentr-un anumit fel, \u00eentr-o anumit\u0103 lumin\u0103, a\u0219a cum ne-am format modul de g\u00e2ndire.<\/em><\/strong> Aceea\u0219i realitate\/situa\u021bie pe care o alt\u0103 persoan\u0103 o vede altfel sau chiar CU TOTUL ALTFEL.<\/li>\n \t<li>Pentru cei care vor un exemplu practic, v\u0103 recomand\u0103m urm\u0103torul experiment: mai multe persoane (e bine s\u0103 fie m\u0103car 4-5) vor urm\u0103ri timp de 1-2 minute aceast\u0103 imagine \u0219i vor nota pe o h\u00e2rtie \u00een ce direc\u021bie se rote\u0219te balerina. Dup\u0103 \u00eencheierea celor 2 minute, se vor compara rezultatele. Ve\u021bi constata c\u0103 aceea\u0219i imagine s-a rotit diferit \u00een acela\u0219i timp, pentru persoane diferite, astfel: unii au v\u0103zut-o rotindu-se la st\u00e2nga, al\u021bii au v\u0103zut-o rotindu-se la dreapta \u0219i unii (de obicei mai pu\u021bini) au v\u0103zut-o rotindu-se ba \u00eentr-o parte, ba \u00een alta. ACEEA\u0218I IMAGINE \u00ceN ACELA\u0218I TIMP!!! Motivul? Nu, nu e magie: \u00een func\u021bie de emisfera pe care o folosim \u00een mod predominant imaginea se va roti \u00eentr-o parte sau \u00eentr-alta. Cei care folosesc ambele emisfere balansat, \u00een mod armonios, egal, o vor vedea rotindu-se c\u00e2nd \u00eentr-o parte, c\u00e2nd \u00eentr-alta, cu schimb\u0103ri chiar la fiecare secund\u0103, \u00een func\u021bie de emisfera cerebral\u0103 folosit\u0103 \ud83d\ude42 \ud83d\ude42 \ud83d\ude42 !! Diferen\u021ba este f\u0103cut\u0103 \u00een aceast\u0103 situa\u021bie de emisfera utilizat\u0103\/e&#8230; a\u0219a c\u0103 imagina\u021bi-v\u0103 ce se \u00eent\u00e2mpl\u0103 \u00een situa\u021bii mai complexe sau \u00een situa\u021bii tensionate, \u00eenc\u0103rcate emo\u021bional!<\/li>\n \t<li>De acum \u00eencolo, c\u00e2nd vei vedea c\u0103 cineva vede\/percepe lucrurile altfel dec\u00e2t tine (asta include pe oricine \ud83d\ude1b ) vei sta s\u0103 \u00een\u021belegi: de ce o percepe a\u0219a?, care este motivul?, care este filtrul? \ud83d\ude09<\/li>\n<\/ul>\n<p><strong><em>S\u0103 crezi c\u0103 tu vezi cel mai bine un lucru \u0219i c\u0103 oricine altcineva este nebun doar pentru c\u0103 nu vede la fel ca tine este&#8230; doar o iluzie \ud83d\ude00 !<\/em><\/strong><\/p>\n<p style=\"text-align: justify;\">Cu drag,<\/p>\n<p style=\"text-align: right;\">Sebastian \u0219i C\u0103t\u0103lina<\/p>\n<p style=\"text-align: right;\">16 ianuarie 2019<\/p>","protected":false},"excerpt":{"rendered":"<p>Percep\u021bia asupra orice este determinat\u0103 de ce g\u00e2ndim \u0219i cum g\u00e2ndim. ASUPRA ORICE!! Ce \u00eenseamn\u0103 asta? \u00cen fiecare secund\u0103 noi vedem, auzim, sim\u021bim, mirosim, gust\u0103m&#8230; adic\u0103 percepem ceea ce se \u00eent\u00e2mpl\u0103 \u00een jurul nostru \u0219i cu noi. \u00cen func\u021bie de ceea ce g\u00e2ndim \u0219i de cum g\u00e2ndim, ceea ce percepem este diferit, chiar dac\u0103, de&#8230;<\/p>\n","protected":false},"author":2,"featured_media":3240,"comment_status":"open","ping_status":"open","sticky":false,"template":"","format":"standard","meta":{"_bbp_topic_count":0,"_bbp_reply_count":0,"_bbp_total_topic_count":0,"_bbp_total_reply_count":0,"_bbp_voice_count":0,"_bbp_anonymous_reply_count":0,"_bbp_topic_count_hidden":0,"_bbp_reply_count_hidden":0,"_bbp_forum_subforum_count":0,"footnotes":""},"categories":[117],"tags":[],"class_list":["post-1354","post","type-post","status-publish","format-standard","has-post-thumbnail","hentry","category-ce-gandim-cum-gandim"],"_links":{"self":[{"href":"https:\/\/www.viata.org\/ro\/wp-json\/wp\/v2\/posts\/1354","targetHints":{"allow":["GET"]}}],"collection":[{"href":"https:\/\/www.viata.org\/ro\/wp-json\/wp\/v2\/posts"}],"about":[{"href":"https:\/\/www.viata.org\/ro\/wp-json\/wp\/v2\/types\/post"}],"author":[{"embeddable":true,"href":"https:\/\/www.viata.org\/ro\/wp-json\/wp\/v2\/users\/2"}],"replies":[{"embeddable":true,"href":"https:\/\/www.viata.org\/ro\/wp-json\/wp\/v2\/comments?post=1354"}],"version-history":[{"count":18,"href":"https:\/\/www.viata.org\/ro\/wp-json\/wp\/v2\/posts\/1354\/revisions"}],"predecessor-version":[{"id":7945,"href":"https:\/\/www.viata.org\/ro\/wp-json\/wp\/v2\/posts\/1354\/revisions\/7945"}],"wp:featuredmedia":[{"embeddable":true,"href":"https:\/\/www.viata.org\/ro\/wp-json\/wp\/v2\/media\/3240"}],"wp:attachment":[{"href":"https:\/\/www.viata.org\/ro\/wp-json\/wp\/v2\/media?parent=1354"}],"wp:term":[{"taxonomy":"category","embeddable":true,"href":"https:\/\/www.viata.org\/ro\/wp-json\/wp\/v2\/categories?post=1354"},{"taxonomy":"post_tag","embeddable":true,"href":"https:\/\/www.viata.org\/ro\/wp-json\/wp\/v2\/tags?post=1354"}],"curies":[{"name":"wp","href":"https:\/\/api.w.org\/{rel}","templated":true}]}}