{"id":4610,"date":"2019-02-20T19:48:23","date_gmt":"2019-02-20T17:48:23","guid":{"rendered":"https:\/\/www.viata.org\/?p=4610"},"modified":"2025-08-22T11:19:42","modified_gmt":"2025-08-22T09:19:42","slug":"dezvoltare-personala","status":"publish","type":"post","link":"https:\/\/www.viata.org\/ro\/2019\/02\/dezvoltare-personala\/","title":{"rendered":"Dezvoltarea personal\u0103"},"content":{"rendered":"\n<h3><em><strong>Dezvoltarea personal\u0103 &#8211; ce altceva mai putem face<\/strong><\/em><\/h3>\n<p style=\"text-align: justify;\">Via\u021ba noastr\u0103 este o <a href=\"https:\/\/www.viata.org\/ro\/category\/zona-membrilor\/principii-sanatoase-de-viata\/\">continu\u0103 evolu\u021bie<\/a>. F\u0103r\u0103 asta, totul ar fi f\u0103r\u0103 str\u0103lucire&#8230; plictisitor. Indiferent c\u0103 suntem \u00eenc\u0103 la \u0219coal\u0103 sau deja lucr\u0103m de 20 de ani, lipsa dezvolt\u0103rii personale continue se vede: totul \u00een jur se schimb\u0103 \u0219i ne oblig\u0103 \u0219i pe noi s-o facem. Sau&#8230;<\/p>\n<p style=\"text-align: justify;\">Dezvoltarea personal\u0103 face parte din via\u021ba noastr\u0103 \u0219i, \u00een func\u021bie de c\u00e2t de mult ne-o dorim, ne schimb\u0103 odat\u0103 cu trecerea timpului.<\/p>\n<p style=\"text-align: justify;\">Noi \u0219tim c\u0103 f\u0103r\u0103 s\u0103 facem ceva nou, f\u0103r\u0103 s\u0103 \u00eenv\u0103\u021b\u0103m ceva nou, f\u0103r\u0103 s\u0103 ne scoatem din zona de confort, ajungem s\u0103 nu mai fim utili \u00een aceast\u0103 via\u021b\u0103&#8230; Natura nu mai are nevoie de noi. Mai ales acum, s\u0103 zicem \u00eencep\u00e2nd cu secolul XXI. Dezvoltarea tehnologic\u0103, interconectarea, inteligen\u021ba artificial\u0103, dar \u0219i yoga, programarea mental\u0103, diversele tipuri de respira\u021bie con\u0219tient conectat\u0103, colaborarea \u00een locul competi\u021biei, \u00een\u021belegerea \u0219i acceptarea celorlal\u021bi, conectarea cu energia fundamental\u0103 a vie\u021bii, precum \u0219i multe altele au o evolu\u021bie exponen\u021bial\u0103. Care ne impune \u0219i nou\u0103 s\u0103 facem schimb\u0103ri. Copii no\u0219tri sunt deja mult mai preg\u0103ti\u021bi pentru ce vine \ud83d\ude42<\/p>\n<p style=\"text-align: justify;\">De fapt, ne apropiem de urm\u0103torul nivel al speciei noastre: <em>via\u021ba \u00eenseamn\u0103 evolu\u021bie &#8211; \u0219i asta se realizeaz\u0103 prin dezvoltare personal\u0103 continu\u0103.<\/em><\/p>\n<p style=\"text-align: justify;\"><em><strong>Bun, \u0219i, ce-i de f\u0103cut?!<\/strong><\/em><\/p>\n<p style=\"text-align: justify;\">P\u0103i, \u00een primul r\u00e2nd, <em>s\u0103 \u00een\u021belegem \u0219i s\u0103 accept\u0103m aceast\u0103 situa\u021bie.<\/em> Acum 30-40 de ani era suficient s\u0103 faci o facultate dup\u0103 care unele cursuri de specializare &#8211; cine le f\u0103cea. Acum, asta e total insuficient.<\/p>\n<p style=\"text-align: justify;\">Apoi, <em>s\u0103 \u0219i faci ceva.<\/em> Doar s\u0103 vezi situa\u021bia s\u0103 s\u0103 te resemnezi, gen: \u201dam deja 50 de ani, sunt trecut\/\u0103 prin via\u021b\u0103, nu mai fac eu acum nimic de dezvoltare personal\u0103, la ce s\u0103-mi mai foloseasc\u0103?\u201d este ca \u0219i cum ai accepta c\u0103 ai intrat \u00een picaj. Adic\u0103, \u00een etapa de final a vie\u021bii. \u0218tim, sun\u0103 un pic crud, \u00eens\u0103 a\u0219a este. Am zis \u201d50\u201d ca s\u0103 nu zicem \u201d40\u201d, c\u0103 am v\u0103zut destule situa\u021bii de acest fel, din p\u0103cate. Ba chiar \u0219i mai jos \ud83d\ude41<\/p>\n<p>Se poate s\u0103 fie altfel? Da. Noi facem altfel. 50 de ani e abia \u00eenceputul vie\u021bii creatoare. Abia ne dezmeticim din v\u00e2rtejul a\u0219ez\u0103rii emo\u021bionale, sociale, financiare. Abia \u00eencepem s\u0103 sim\u021bim cu adev\u0103rat ce \u00eenseamn\u0103 via\u021ba. Cum ar fi s\u0103 ne g\u00e2ndim c\u0103 e gata?\u00a0<\/p>\n<p style=\"text-align: justify;\">Noi am f\u0103cut \u0219i vom continua s\u0103 facem regulat diverse <em><strong>cursuri, workshop-uri, evenimente etc&#8230; de dezvoltare personal\u0103.<\/strong><\/em> Afl\u0103m ce mai e nou \u0219i c\u0103ut\u0103m noi moduri de dezvoltare. Pe care le \u00eemp\u0103rt\u0103\u0219im cu voi. Motiv pentru care, pe l\u00e2ng\u0103 evenimentele pe care le sus\u021binem noi \u0219i la care te po\u021bi \u00eenscrie <a href=\"https:\/\/www.viata.org\/ro\/category\/zona-membrilor\/program-de-evenimente\/workshop-uri-2\/\">aici<\/a> \u0219i <a href=\"https:\/\/www.viata.org\/ro\/category\/zona-membrilor\/program-de-evenimente\/evenimente-cu-invitati-2\/\">aici<\/a>, v\u0103 recomand\u0103m \u0219i altele pe care noi le \u0219tim, la care am participat sau pe care le consider\u0103m de interes. Care pot fi accesate <a href=\"https:\/\/www.viata.org\/ro\/category\/zona-membrilor\/program-de-evenimente\/dezvoltare-personala-2\/\">aici<\/a>. \ud83d\ude09\u00a0<\/p>\n<p style=\"text-align: justify;\">Cu tot dragul,<\/p>\n<p style=\"text-align: right;\">C\u0103t\u0103lina \u0219i Sebastian<\/p>\n","protected":false},"excerpt":{"rendered":"<p>Via\u021ba noastr\u0103 este o continu\u0103 evolu\u021bie. F\u0103r\u0103 asta, totul ar fi f\u0103r\u0103 str\u0103lucire&#8230; plictisitor. Indiferent c\u0103 suntem \u00eenc\u0103 la \u0219coal\u0103 sau deja lucr\u0103m de 20 de ani, lipsa dezvolt\u0103rii personale continue se vede: totul \u00een jur se schimb\u0103 \u0219i ne oblig\u0103 \u0219i pe noi s-o facem. Sau&#8230; Dezvoltarea personal\u0103 face parte din via\u021ba noastr\u0103 \u0219i,&#8230;<\/p>\n","protected":false},"author":2,"featured_media":2587,"comment_status":"open","ping_status":"open","sticky":false,"template":"","format":"standard","meta":{"_bbp_topic_count":0,"_bbp_reply_count":0,"_bbp_total_topic_count":0,"_bbp_total_reply_count":0,"_bbp_voice_count":0,"_bbp_anonymous_reply_count":0,"_bbp_topic_count_hidden":0,"_bbp_reply_count_hidden":0,"_bbp_forum_subforum_count":0,"footnotes":""},"categories":[109],"tags":[],"class_list":["post-4610","post","type-post","status-publish","format-standard","has-post-thumbnail","hentry","category-dezvoltare-personala"],"_links":{"self":[{"href":"https:\/\/www.viata.org\/ro\/wp-json\/wp\/v2\/posts\/4610","targetHints":{"allow":["GET"]}}],"collection":[{"href":"https:\/\/www.viata.org\/ro\/wp-json\/wp\/v2\/posts"}],"about":[{"href":"https:\/\/www.viata.org\/ro\/wp-json\/wp\/v2\/types\/post"}],"author":[{"embeddable":true,"href":"https:\/\/www.viata.org\/ro\/wp-json\/wp\/v2\/users\/2"}],"replies":[{"embeddable":true,"href":"https:\/\/www.viata.org\/ro\/wp-json\/wp\/v2\/comments?post=4610"}],"version-history":[{"count":27,"href":"https:\/\/www.viata.org\/ro\/wp-json\/wp\/v2\/posts\/4610\/revisions"}],"predecessor-version":[{"id":9126,"href":"https:\/\/www.viata.org\/ro\/wp-json\/wp\/v2\/posts\/4610\/revisions\/9126"}],"wp:featuredmedia":[{"embeddable":true,"href":"https:\/\/www.viata.org\/ro\/wp-json\/wp\/v2\/media\/2587"}],"wp:attachment":[{"href":"https:\/\/www.viata.org\/ro\/wp-json\/wp\/v2\/media?parent=4610"}],"wp:term":[{"taxonomy":"category","embeddable":true,"href":"https:\/\/www.viata.org\/ro\/wp-json\/wp\/v2\/categories?post=4610"},{"taxonomy":"post_tag","embeddable":true,"href":"https:\/\/www.viata.org\/ro\/wp-json\/wp\/v2\/tags?post=4610"}],"curies":[{"name":"wp","href":"https:\/\/api.w.org\/{rel}","templated":true}]}}