{"id":4654,"date":"2019-02-25T15:20:32","date_gmt":"2019-02-25T13:20:32","guid":{"rendered":"https:\/\/www.viata.org\/?p=4654"},"modified":"2019-02-26T22:14:51","modified_gmt":"2019-02-26T20:14:51","slug":"ce-mai-e-si-cu-tv-ul-asta","status":"publish","type":"post","link":"https:\/\/www.viata.org\/ro\/2019\/02\/ce-mai-e-si-cu-tv-ul-asta\/","title":{"rendered":"Ce mai e \u0219i cu TV-ul \u0103sta&#8230; prima parte"},"content":{"rendered":"\n<h3><strong><em>Ce mai e \u0219i cu TV-ul \u0103sta&#8230;<\/em><\/strong><\/h3>\n<h3><strong><em>Despre TV \u0219i cum mi-am distrus eu rela\u021bia cu el, prima parte<\/em><\/strong><\/h3>\n<p style=\"text-align: justify;\" data-tadv-p=\"keep\">Suntem undeva \u00een octombrie 2009&#8230; Recunosc cu ru\u0219ine c\u0103 nu mai \u0219tiu exact data&#8230; a\u0219a c\u0103 profit de ocazie \u0219i-i dau mesaj Bianc\u0103i pe whatsapp \ud83d\ude42<\/p>\n<p style=\"text-align: justify;\" data-tadv-p=\"keep\">Ehe&#8230; nu sunt singurul care nu mai \u0219tie exact, doar c\u0103 ea \u00eemi zice c\u0103 s-a mutat la mine c\u00e2ndva \u00een decembrie, \u00een fine&#8230;<\/p>\n<p style=\"text-align: justify;\" data-tadv-p=\"keep\">A\u0219a, deci m\u0103 trezesc \u00eentr-una din primele zile (o fi fost chiar prima??!) c\u0103-mi zice Bianca, tocmai proasp\u0103t mutat\u0103 la mine: <em>auzi, s\u0103 \u0219tii c\u0103 \u00een dormitor ori ne culc\u0103m \u00eempreun\u0103, ori dormim \u00eempreun\u0103. <strong>Scoate televizorul de aici!<\/strong> <\/em>Trosc!!<\/p>\n<p style=\"text-align: justify;\" data-tadv-p=\"keep\">\u0218oc total! <img src=\"https:\/\/www.viata.org\/wp-includes\/images\/smilies\/mrgreen.png\" alt=\":mrgreen:\" class=\"wp-smiley\" style=\"height: 1em; max-height: 1em;\" \/><\/p>\n<p style=\"text-align: justify;\" data-tadv-p=\"keep\">S\u0103 v\u0103 explic: p\u00e2n\u0103 atunci, TV-ul era parte integrant\u0103 din via\u021ba mea. Adic\u0103&#8230; veneam acas\u0103 \u0219i porneam TV-ul. Ce, nu a\u0219a face toat\u0103 lumea normal\u0103 la cap? A\u0219a, s\u0103 fiu conectat la \u0219tiri, s\u0103 v\u0103d ce se mai \u00eent\u00e2mpl\u0103. Bine, eram la un anumit nivel, nu v\u0103 \u00eenchipui\u021bi \ud83d\ude06 : ma uitam la \u0219tirile alea \u201dbune\u201d de la Antena 3 \u0219i Realitatea, nu la \u0219tirile de la ora 5 (adic\u0103 17:00) de pe ProTV. Ce tare mi se p\u0103rea \ud83d\ude00<\/p>\n<p style=\"text-align: justify;\" data-tadv-p=\"keep\">Mai mult, se \u00eent\u00e2mpla des chiar s\u0103-mi iau ceva de m\u00e2ncare, uneori chiar! o shaorma sau un hamburger dublu de la o shaormerie din Drumul Taberei pe care s\u0103 le m\u0103n\u00e2nc pe canapea, \u00een fa\u021ba televizorului, uit\u00e2ndu-m\u0103 la Antena 3 la nu mai \u0219tiu ce emisiune de la orele 20:00, o alta la 21:00 \u0219i chiar la Mircea Badea la 23:00. Bine\u00een\u021beles, acompaniate de ceva alcool de calitate: un whiskey, o palinc\u0103, un vin ro\u0219u scump \u0219i bun sau chiar ni\u0219te bere&#8230;<\/p>\n<p style=\"text-align: justify;\" data-tadv-p=\"keep\">A\u0219a c\u0103&#8230; cum s\u0103 vin\u0103 cineva s\u0103-mi zic\u0103 s\u0103 scot TV-ul din dormitor? P\u0103i chiar c\u00e2teodat\u0103 mai adormeam frumos cu el pornit&#8230; \u0219i e ceva normal, nu? <em>C\u00e2\u021bi nu fac asta?<\/em><\/p>\n<p style=\"text-align: justify;\" data-tadv-p=\"keep\">Apoi&#8230; la acea vreme nu era u\u0219or s\u0103-mi zic\u0103 cineva mie (mie! adic\u0103 un personaj important nu glum\u0103!) s\u0103 fac ceva altfel dec\u00e2t voiam eu. \u00cens\u0103 eram \u00eendr\u0103gostit \u0219i&#8230; deh, ce nu face omu\u2019 c\u00e2nd e \u00eendr\u0103gostit?! V\u0103 spun eu: scoate televizorul din dormitor!!<\/p>\n<p style=\"text-align: justify;\" data-tadv-p=\"keep\">\u0218i uite a\u0219a \u00eencepe via\u021ba mea f\u0103r\u0103 televizor&#8230; La \u00eenceput, f\u0103r\u0103 el \u00een dormitor. \u0218i deja lucrurile merg mai greu: eu vreau neap\u0103rat s\u0103 v\u0103d emisiunile preferate!! A\u021bi \u00een\u021beles?? Cum s\u0103-l ratez eu pe dr\u0103gu\u021bul de Badea&#8230; (nu da\u021bi cu pietre, v\u0103 rog! To\u021bi am f\u0103cut t\u00e2mpenii la un moment dat plus c\u0103&#8230; parc\u0103&#8230; \u00eenainte de 2009 Badea p\u0103rea mai normal la cap&#8230; sau eram eu suficient de \u00eemb\u00e2csit de t\u00e2mpenii). Stau \u0219i m\u0103 uit frumos \u00een living, pe canapea. Adorm eu a\u0219a, ca un dr\u0103gu\u021b, la emisiune? Adorm \ud83d\ude00 Apoi vine ea sus \u00een capul sc\u0103rilor, dup\u0103 un timp: <em>hai, iubitule, opre\u0219te televizorul (adic\u0103, de fapt, calculatorul cu tuner TV \u00een el) \u0219i hai la culcare.<\/em> M\u0103 ridic, m\u0103 duc. Mai m\u00e2r\u00e2i c\u00e2te ceva \u00een g\u00e2nd&#8230; cum era s\u0103 am TV-ul \u00een dormitor acum?! Nu mai trebuia s\u0103 fac \u201ddin astea\u201d&#8230;<\/p>\n<p style=\"text-align: justify;\" data-tadv-p=\"keep\">\u0218i uite-a\u0219a trec c\u00e2teva luni frumoase. Eu m\u0103 deta\u0219ez u\u0219or u\u0219or de dorin\u021ba de a-l urm\u0103ri pe Badea &amp; company \u0219i prefer din nou s\u0103 m\u0103 culc \u00een pat, \u00een dormitor \ud83d\ude42<\/p>\n<p style=\"text-align: justify;\" data-tadv-p=\"keep\">\u0218i ajung undeva <em>\u00een iunie 2010 (iar\u0103\u0219i, nu sunt foarte sigur de dat\u0103) s\u0103 merg la compania de cablu TV s\u0103 le cer s\u0103-mi anuleze contractul!!<\/em> Se uit\u0103 tipa de la birou la mine: \u0103sta a luat-o razna! Problema mare era, pentru ei, c\u0103 aveam \u00een curte un amplificator de semnal de unde primeau semnal \u00eenc\u0103 2 vecini. Da\u2019 eu n-aveam nici un g\u00e2nd s\u0103 cer ceva, a\u0219a c\u0103 totul se rezolv\u0103 u\u0219or \u0219i frumos. \ud83d\ude09<\/p>\n<p style=\"text-align: justify;\" data-tadv-p=\"keep\">Dup\u0103 care \u00eencep s\u0103 m\u0103 trezesc: wow!! <em><strong>C\u00e2t de mult timp liber am acum!!!!!! WOW!!!!<\/strong><\/em> Aproape c\u0103 mi se pare c\u0103 am ren\u0103scut! R\u00e2de\u021bi, dac\u0103 vre\u021bi: a\u0219a este c\u00e2nd scapi de un astfel de obicei.<\/p>\n<p style=\"text-align: justify;\" data-tadv-p=\"keep\">Am \u00eenceput s\u0103 v\u0103d c\u0103 exist\u0103 \u0219i alte lucruri \u00een via\u021b\u0103, gen documentare pe youtube, <a href=\"https:\/\/www.viata.org\/ro\/category\/zona-membrilor\/recomandarile-noastre\/cartile\/\">c\u0103r\u021bi<\/a> (dar nu v\u0103 \u00eenchipui\u021bi c\u0103 m-a apucat cititul grav, c\u0103 aveam altele de f\u0103cut \u2013 gr\u0103tare \u0219i alcool, printre altele \u2013 dar pentru ele am episoade separate) etc.<\/p>\n<p style=\"text-align: justify;\" data-tadv-p=\"keep\">Cu drag,<\/p>\n<p style=\"text-align: right;\">Sebastian<\/p>\n<p style=\"text-align: right;\" data-tadv-p=\"keep\">14 septembrie 2018, Ro\u0219u<\/p>\n<p style=\"text-align: justify;\" data-tadv-p=\"keep\">P.S. Acum, c\u0103 m\u0103 uit \u00een urm\u0103, \u00eemi dau seama c\u0103 \u0103la a fost mediul \u00een care tr\u0103iam eu. De ce s\u0103 fiu sup\u0103rat de asta?! Chiar dac\u0103 motive sunt o gr\u0103mad\u0103&#8230; totu\u0219i ca s\u0103 ajungi \u00eentr-un punct treci, nu?, prin alte momente intermediare. V\u0103 scriu \u00een al doilea episod despre toate acestea \ud83d\ude09<\/p>\n","protected":false},"excerpt":{"rendered":"<p>Suntem undeva \u00een octombrie 2009&#8230; Recunosc cu ru\u0219ine c\u0103 nu mai \u0219tiu exact data&#8230; a\u0219a c\u0103 profit de ocazie \u0219i-i dau mesaj Bianc\u0103i pe whatsapp \ud83d\ude42 Ehe&#8230; nu sunt singurul care nu mai \u0219tie exact, doar c\u0103 ea \u00eemi zice c\u0103 s-a mutat la mine c\u00e2ndva \u00een decembrie, \u00een fine&#8230; A\u0219a, deci m\u0103 trezesc \u00eentr-una&#8230;<\/p>\n","protected":false},"author":2,"featured_media":1716,"comment_status":"open","ping_status":"open","sticky":false,"template":"","format":"standard","meta":{"_bbp_topic_count":0,"_bbp_reply_count":0,"_bbp_total_topic_count":0,"_bbp_total_reply_count":0,"_bbp_voice_count":0,"_bbp_anonymous_reply_count":0,"_bbp_topic_count_hidden":0,"_bbp_reply_count_hidden":0,"_bbp_forum_subforum_count":0,"footnotes":""},"categories":[167],"tags":[],"class_list":["post-4654","post","type-post","status-publish","format-standard","has-post-thumbnail","hentry","category-despre-tv"],"_links":{"self":[{"href":"https:\/\/www.viata.org\/ro\/wp-json\/wp\/v2\/posts\/4654","targetHints":{"allow":["GET"]}}],"collection":[{"href":"https:\/\/www.viata.org\/ro\/wp-json\/wp\/v2\/posts"}],"about":[{"href":"https:\/\/www.viata.org\/ro\/wp-json\/wp\/v2\/types\/post"}],"author":[{"embeddable":true,"href":"https:\/\/www.viata.org\/ro\/wp-json\/wp\/v2\/users\/2"}],"replies":[{"embeddable":true,"href":"https:\/\/www.viata.org\/ro\/wp-json\/wp\/v2\/comments?post=4654"}],"version-history":[{"count":18,"href":"https:\/\/www.viata.org\/ro\/wp-json\/wp\/v2\/posts\/4654\/revisions"}],"predecessor-version":[{"id":4971,"href":"https:\/\/www.viata.org\/ro\/wp-json\/wp\/v2\/posts\/4654\/revisions\/4971"}],"wp:featuredmedia":[{"embeddable":true,"href":"https:\/\/www.viata.org\/ro\/wp-json\/wp\/v2\/media\/1716"}],"wp:attachment":[{"href":"https:\/\/www.viata.org\/ro\/wp-json\/wp\/v2\/media?parent=4654"}],"wp:term":[{"taxonomy":"category","embeddable":true,"href":"https:\/\/www.viata.org\/ro\/wp-json\/wp\/v2\/categories?post=4654"},{"taxonomy":"post_tag","embeddable":true,"href":"https:\/\/www.viata.org\/ro\/wp-json\/wp\/v2\/tags?post=4654"}],"curies":[{"name":"wp","href":"https:\/\/api.w.org\/{rel}","templated":true}]}}