{"id":5038,"date":"2019-02-27T13:21:18","date_gmt":"2019-02-27T11:21:18","guid":{"rendered":"https:\/\/www.viata.org\/?p=5038"},"modified":"2019-04-20T08:36:04","modified_gmt":"2019-04-20T06:36:04","slug":"frica-de-inaltime-prima-parte","status":"publish","type":"post","link":"https:\/\/www.viata.org\/ro\/2019\/02\/frica-de-inaltime-prima-parte\/","title":{"rendered":"Frica de \u00een\u0103l\u021bime &#8211; prima parte"},"content":{"rendered":"\n<h3><strong><em>Frica de \u00een\u0103l\u021bime<\/em><\/strong><\/h3>\n<h3><strong><em>prima parte<\/em><\/strong><\/h3>\n<p style=\"text-align: justify;\"><em>De c\u00e2nd m\u0103 \u0219tiu mi-a fost fric\u0103 de \u00een\u0103l\u021bime. Aveam o fric\u0103 grav\u0103, profund\u0103. Perfid\u0103.<\/em> At\u00e2t de puternic\u0103 \u00eenc\u00e2t mul\u021bi ani de zile am fost paralizat de fric\u0103 dac\u0103 eram la un etaj \u201dsuperior\u201d gen 3 sau 4. Ba mai mult, frica se manifesta chiar \u0219i la etajul 2: dac\u0103 eram pentru prima dat\u0103 undeva, la etajul 2, eram total inconfortabil s\u0103 m\u0103 uit \u00een jos, pe geam. Adic\u0103 m\u0103 uitam doar dac\u0103 eram nevoit. Altfel&#8230; preferam s\u0103 nu!\u00a0 \ud83d\ude2f\u00a0<\/p>\n<p style=\"text-align: justify;\">\u00cemi aduc aminte cu claritate anumite scene de c\u00e2nd eram mic, undeva dup\u0103 6-7 ani. Stau deja la Favorit \u2013 blocul copil\u0103riei mele \u00een Roman. Avem un apartament duplex cu 4 camere, dou\u0103 pe fa\u021ba blocului \u0219i dou\u0103 pe spate. Camerele de pe fa\u021b\u0103 sunt la etajul 2, cele de pe spate la 3. \u00cen ambele p\u0103r\u021bi prefer s\u0103 nu m\u0103 uit pe geam \u00een jos prea mult, de\u0219i stau aici de ani!! C\u00e2nd stau \u00een balcon am c\u00e2teodat\u0103 senza\u021bia c\u0103 se las\u0103 podeaua, balconul cu totul, \u0219i o s\u0103 cad!\u00a0\ud83d\ude06 Ca s\u0103 \u00een\u021belege\u021bi: de mai multe ori am visat chiar aceast\u0103 scen\u0103 cu balconul. C\u00e2teodat\u0103 \u00een visul meu chiar blocul se \u00eencovoaie c\u0103tre p\u0103m\u00e2nt \u0219i eu pot s\u0103 sar&#8230; pffff!!!<\/p>\n<p style=\"text-align: justify;\">Ce s\u0103 mai vorbesc de alte chestii, mai grele: urcatul pe bloc! Scara mi se pare lung\u0103 r\u0103u \u0219i taaare \u00eenalt\u0103. M-am urcat pe bloc cu \u201db\u0103ie\u021bii\u201d de c\u00e2teva ori p\u00e2n\u0103 acum c\u0103 \u2013 deh! \u2013 era distrac\u021bie. Pentru unii&#8230; c\u0103 pentru mine nu prea: m\u0103 apropii de marginea blocului doar culcat pe burt\u0103, m\u0103 uit \u00een jos c\u00e2teva secunde apoi m\u0103 \u00eendep\u0103rtez \u00een vitez\u0103 t\u00e2r\u00e2\u0219 \ud83d\ude00 Unul dintre vecini, Fane, care-i pu\u021bin mai \u201dnebun\u201d, lanseaz\u0103 o provocare: care poate merge pe bordura marginii blocului!!! Se mai g\u0103sesc doi prieteni, Alin \u0219i R\u0103zvan, care o fac!! Eu stau undeva pe mijlocul trasei, c\u00e2t mai ferit de margine, \u00eengrozit: dac\u0103 vreunul cade??!!! Nu pot privi toat\u0103 scena, v\u0103d doar secven\u021be scurte. Palmele mi se umezesc, simt c\u0103 m\u0103 ia cu ame\u021beal\u0103&#8230; Din fericire, concursul se termin\u0103 \u0219i sunt to\u021bi de acord s\u0103 cobor\u00e2m \u00een fa\u021ba blocului, s\u0103 juc\u0103m tenis de picior. Ce bine!! &#8230;\u0219i-am zis c\u0103 nu m\u0103 mai urc pe bloc!!!<\/p>\n<p style=\"text-align: justify;\">La \u021bar\u0103, la bunici, nu m\u0103 prea urc prin copaci. \u0218i dac\u0103 m\u0103 urc nu \u00eenaintez mai mult de 2-3 metri. \u00cencercarea suprem\u0103 este s\u0103 m\u0103 urc \u00eempreun\u0103 cu Cristi, fratele meu, pe acoperi\u0219ul casei vechi. Evident, nici asta n-o fac de prea \u00eenc\u00e2ntat, da&#8217;s fratele mai mare &#8211; tre&#8217; s-o fac. \ud83d\ude00<\/p>\n<div id=\"attachment_7962\" style=\"width: 310px\" class=\"wp-caption alignright\"><a href=\"https:\/\/www.viata.org\/wp-content\/uploads\/2019\/04\/Eu-in-3-august-1996.jpg\"><img loading=\"lazy\" decoding=\"async\" aria-describedby=\"caption-attachment-7962\" class=\"wp-image-7962 size-medium\" src=\"https:\/\/www.viata.org\/wp-content\/uploads\/2019\/04\/Eu-in-3-august-1996-300x198.jpg\" alt=\"\" width=\"300\" height=\"198\" srcset=\"https:\/\/www.viata.org\/wp-content\/uploads\/2019\/04\/Eu-in-3-august-1996-300x198.jpg 300w, https:\/\/www.viata.org\/wp-content\/uploads\/2019\/04\/Eu-in-3-august-1996-768x507.jpg 768w, https:\/\/www.viata.org\/wp-content\/uploads\/2019\/04\/Eu-in-3-august-1996-1024x676.jpg 1024w, https:\/\/www.viata.org\/wp-content\/uploads\/2019\/04\/Eu-in-3-august-1996.jpg 1846w\" sizes=\"auto, (max-width: 300px) 100vw, 300px\" \/><\/a><p id=\"caption-attachment-7962\" class=\"wp-caption-text\">Eu \u00een 3 august 1996<\/p><\/div>\n<p style=\"text-align: justify;\">\u00cen vacan\u021ba de la sf\u00e2r\u0219itul clasei a 8-a trec printr-o situa\u021bie foarte dificil\u0103: sunt pe muntele Ceahl\u0103u, la poalele v\u00e2rfului Toaca, \u00eempreun\u0103 cu mama, cu Cristi \u0219i cu prietena mea Claudia. Nici unul nu pare s\u0103 aib\u0103 vreo problem\u0103 cu locul \u00een care ne afl\u0103m \u0219i eu am fost relativ ok p\u00e2n\u0103 acum \u2013 am stat c\u00e2t am putut de departe de marginile pr\u0103p\u0103stiilor. \u00cens\u0103 acum am \u00een fa\u021b\u0103 o scar\u0103 de lemn luuuung\u0103 de probabil ni\u0219te sute de trepte, pe care trebuie s\u0103 le urc pentru a ajunge \u00een v\u00e2rf. \u00cemi dau seama c\u0103 asta o pot face destul de ok, \u00een sensul c\u0103 m\u0103 uit doar \u00een sus, la c\u00e2t mai am, \u0219i gata! Dar, odat\u0103 ajuns sus mi se pare c\u0103 voi c\u0103dea \u00een orice secund\u0103 de pe acel v\u00e2rf!\u00a0 <img src=\"https:\/\/www.viata.org\/wp-includes\/images\/smilies\/mrgreen.png\" alt=\":mrgreen:\" class=\"wp-smiley\" style=\"height: 1em; max-height: 1em;\" \/> E parc\u0103, cumva, prea mic acest v\u00e2rf&#8230; Facem vreo dou\u0103 fotografii, \u0219i apoi ne \u00eendrept\u0103m spre scar\u0103, s\u0103 cobor\u00e2m!! Doamneeee!!! Cine naiba m-a pus s\u0103 m\u0103 urc aici??! \ud83d\ude10 \u0218i \u00eencep s\u0103 cobor, \u00eencet, transpirat tot \u00een special \u00een palme. Mi se pare o eternitate. \u00cemi imaginez aproape la fiecare treapt\u0103 cum alunec \u0219i m\u0103 rostogolesc p\u00e2n\u0103 jos. Co\u0219mar!! Sunt la limita atacului de panic\u0103! \ud83d\ude44<\/p>\n<p style=\"text-align: justify;\">Situa\u021bia continu\u0103 \u0219i dup\u0103 ce intru la liceu (de poli\u021bie). Din fericire, nu avem nici un fel de probe la ore care s\u0103 implice s\u0103 ne urc\u0103m \u00een locuri \u00eenalte. Totu\u0219i, sunt sup\u0103rat la interior c\u0103 nu m\u0103 pot da \u00een parcul de distrac\u021bii \u00een Montaigne Rousse\u00a0 sau, de exemplu, \u00een ciocane: pur \u0219i simplu mi se pare imposibil! \u00cemi place s\u0103 cred despre mine c\u0103 sunt curajos, \u00eens\u0103 nu reu\u0219esc \u00een nici un fel s\u0103-mi fac curaj s\u0103 m\u0103 dau \u00een ceva mai \u201dpericulos\u201d. Mda.\u00a0\ud83d\ude41 Mul\u021bi al\u021bii se distreaz\u0103. Ba v\u0103d \u0219i copii mai mici ca mine. Pfff!!<\/p>\n<p style=\"text-align: justify;\">Urm\u0103toarea prob\u0103 pare a fi prima c\u0103l\u0103torie cu avionul. Sunt \u00een august 2002 \u0219i urmeaz\u0103 s\u0103 plec \u00eempreun\u0103 cu Andreea \u00een luna de miere, \u00een Turcia. Trecem de verific\u0103ri, m\u0103 urc \u00een avion, m\u0103 a\u0219ez pe scaun. Hmm&#8230; pare \u00een siguran\u021b\u0103! Avionul ajunge \u00een cap\u0103tul pistei \u0219i \u00eencepe s\u0103 decoleze. <a href=\"https:\/\/www.viata.org\/wp-content\/uploads\/2019\/02\/HPIM0338-mare.jpg\"><img loading=\"lazy\" decoding=\"async\" class=\"alignleft size-medium wp-image-5056\" src=\"https:\/\/www.viata.org\/wp-content\/uploads\/2019\/02\/HPIM0338-mare-300x226.jpg\" alt=\"\" width=\"300\" height=\"226\" srcset=\"https:\/\/www.viata.org\/wp-content\/uploads\/2019\/02\/HPIM0338-mare-300x226.jpg 300w, https:\/\/www.viata.org\/wp-content\/uploads\/2019\/02\/HPIM0338-mare-768x579.jpg 768w, https:\/\/www.viata.org\/wp-content\/uploads\/2019\/02\/HPIM0338-mare-1024x772.jpg 1024w, https:\/\/www.viata.org\/wp-content\/uploads\/2019\/02\/HPIM0338-mare-640x480.jpg 640w, https:\/\/www.viata.org\/wp-content\/uploads\/2019\/02\/HPIM0338-mare.jpg 1920w\" sizes=\"auto, (max-width: 300px) 100vw, 300px\" \/><\/a>Am un pic emo\u021bii, transpir \u00een palme, \u00eens\u0103&#8230; pare c\u0103 este \u00een regul\u0103. Ca \u0219i cum avionul ar fi tras de ceva&#8230; un cablu sau ceva. \u00cemi d\u0103 o senza\u021bie de siguran\u021b\u0103, ba chiar m\u0103 pot uita pe geam! Ce tare!!! \ud83d\ude42 M\u0103car c\u0103 pot merge lini\u0219tit cu avionul&#8230;<\/p>\n<p style=\"text-align: justify;\">Ehe&#8230; dar ce crezi? Via\u021ba \u00eemi aduce alte provoc\u0103ri \ud83d\ude00 De data asta sunt <a href=\"http:\/\/nimic\">\u00eentr-un hotel<\/a> din Hong Kong, \u00een 2004, venit \u00eentr-o delega\u021bie la un congres privind solu\u021biile de e-gov. De cum am intrat \u00een hotel am r\u0103mas literalmente cu gura c\u0103scat\u0103. N-am mai v\u0103zut la via\u021ba mea un hotel at\u00e2t de frumos. Ne caz\u0103m, lu\u0103m cardurile de acces \u0219i urc\u0103m \u00een camere. Eu intru \u00eentr-a mea \u0219i r\u0103m\u00e2n blocat pe hol: (aproape) tot peretele exterior este de sticl\u0103. <a href=\"https:\/\/www.viata.org\/wp-content\/uploads\/2019\/02\/HPIM0153-mare.jpg\"><img loading=\"lazy\" decoding=\"async\" class=\"alignright size-medium wp-image-5045\" src=\"https:\/\/www.viata.org\/wp-content\/uploads\/2019\/02\/HPIM0153-mare-300x226.jpg\" alt=\"\" width=\"300\" height=\"226\" srcset=\"https:\/\/www.viata.org\/wp-content\/uploads\/2019\/02\/HPIM0153-mare-300x226.jpg 300w, https:\/\/www.viata.org\/wp-content\/uploads\/2019\/02\/HPIM0153-mare-768x579.jpg 768w, https:\/\/www.viata.org\/wp-content\/uploads\/2019\/02\/HPIM0153-mare-1024x772.jpg 1024w, https:\/\/www.viata.org\/wp-content\/uploads\/2019\/02\/HPIM0153-mare-640x480.jpg 640w, https:\/\/www.viata.org\/wp-content\/uploads\/2019\/02\/HPIM0153-mare.jpg 1920w\" sizes=\"auto, (max-width: 300px) 100vw, 300px\" \/><\/a>Pentru mine este ca \u0219i cum ar fi tot! \u0218i nu sunt dec\u00e2t la etajul 8!!! :O M\u0103 apropii u\u0219or de geam, \u00eens\u0103 nu \u00eendr\u0103znesc s\u0103 pun m\u00e2na pe el: am senza\u021bia c\u0103 oric\u00e2nd poate s\u0103 se desprind\u0103 \u0219i s\u0103 cad\u0103!! \ud83d\ude00 \u00cen fa\u021ba ochilor am marea \u0219i muntele, \u00eemp\u0103r\u021bind c\u00e2te jum\u0103tate din geamul exterior. Este senza\u021bional! Ca s\u0103 m\u0103 mai lini\u0219tesc m\u0103 uit \u00eent\u00e2i spre munte: este \u00een dreptul ochilor mei \u0219i chiar mai sus. Bun, dup\u0103 c\u00e2teva zeci de minute m\u0103 pot uita \u0219i spre mare lini\u0219tit. Doar \u00een jos nu \u00eendr\u0103znesc \u2013 am avut doar vreo dou\u0103 tentative scurte toat\u0103 \u0219ederea de aproape o s\u0103pt\u0103m\u00e2n\u0103.<\/p>\n<p style=\"text-align: justify;\">\u00centr-una din zile avem o \u00eent\u00e2lnire cu o chinezoaic\u0103 \u00eentr-un restaurant undeva \u00een centru. Cl\u0103direa este foarte \u00eenalt\u0103, \u0219tiu c\u0103 noi mergem la etajul 16. Ajungem \u00een parcare la subteran, vine liftul \u0219i ne urc\u0103m. Toate bune \u0219i frumoase p\u00e2n\u0103 ajunge la etajul 1: de aici traseul liftului este parc\u0103 pe exteriorul cl\u0103dirii \u2013 sincer nici nu-mi mai aduc aminte exact a\u0219a de \u00eengrozit eram. \u0218i asta pentru c\u0103 to\u021bi pere\u021bii liftului, mai pu\u021bin podeaua \u0219i tavanul, sunt de sticl\u0103!! \ud83d\ude21 Cum de nu am v\u0103zut eu c\u00e2nd am urcat \u00een el?? Cine se mai urca??! \ud83d\ude00 \u00cen fine, dup\u0103 o ve\u0219nicie \u0219i cu mine terminat uit\u00e2ndu-m\u0103 \u00een jos la str\u0103zile care se vedeau undeva sub nivelul hotelului \u00eenc\u0103 vreo c\u00e2teva etaje!!!, ajungem la 16 \u0219i cobor buimac de fric\u0103 din lift. \u00cemi ia mai multe minute s\u0103 m\u0103 lini\u0219tesc \u0219i s\u0103 revin la normal, iar acum m\u0103 g\u00e2ndesc doar la cum s\u0103 cobor. Din fericire, aflu c\u0103 exist\u0103 \u0219i lift normal, \u00eenchis. Pfff&#8230;<\/p>\n<p style=\"text-align: justify;\">\u00cen 2006 prin ianuarie \u00eencep s\u0103 schiez, moment \u00een care \u00eencepe o alt\u0103 aventur\u0103: urcatul cu cabina, gondola \u0219i scaunul. Dintre toate, cabina de la Poian\u0103 este de departe cea mai tare.\u00a0\ud83d\ude33 Totu\u0219i, fac eforturi de fiecare dat\u0103 s\u0103 nu m\u0103 uit \u00een jos, m\u0103 iau cu povestitul&#8230; orice doar s\u0103 treac\u0103 mai repede urcarea! \ud83d\ude09 \u00a0Asta p\u00e2n\u0103 ajung \u00een Austria \u00een 2011, la <a href=\"http:\/\/nimic\">un domeniu schiabil foarte fain<\/a>, unde am g\u0103sit cea mai lung\u0103 p\u00e2rtie de p\u00e2n\u0103 acum: peste 11 km!! Ei bine, ca s\u0103 ajung sus, aici lu\u0103m o cabin\u0103 care are sta\u021bie intermediar\u0103 \u0219i care urc\u0103&#8230; aten\u021bie: de la 800 m altitudine la peste 2200 m!!!! :O Tot urcu\u0219ul este pe l\u00e2ng\u0103 un perete de st\u00e2nc\u0103 aproape drept&#8230; mai bine stau naibii undeva \u00een mijlocul cabinei \u0219i nu m\u0103 g\u00e2ndesc la nimic.<\/p>\n<p style=\"text-align: justify;\">Bun, mi-e fric\u0103 de \u00een\u0103l\u021bime, \u0219iii???! Hmm&#8230; p\u0103i nu m\u0103 pot bucura de multe \ud83d\ude41 \ud83d\ude41 \ud83d\ude41<\/p>\n<p style=\"text-align: justify;\">A\u0219a mi s-a \u00eent\u00e2mplat \u0219i \u00een 2008, la Vatican. Sunt \u00een team building, cu colegii din Vodafone \ud83d\ude0e \u0219i am ajuns \u0219i la Vatican. Hai, ne urc\u0103m pe biseric\u0103? Sigur, zic!! M\u0103 uit sus, pe cupol\u0103, unde se v\u0103d mici, ni\u0219te oameni, \u0219i-nghit \u00een sec. Iar??! Mai de ru\u0219ine, c\u0103 doar n-o s\u0103 r\u0103m\u00e2n ultimul fraier pe jos, mai de curiozitate, \u00eemi iau inima-n din\u021bi \u0219i \u00eencep urcu\u0219ul. Iar\u0103\u0219i, totul este \u00een regul\u0103 o bun\u0103 bucat\u0103 de timp p\u00e2n\u0103 la un moment dat c\u00e2nd deschid o u\u0219\u0103 \u0219i m\u0103 trezesc cu un mare h\u0103u \u00een fa\u021b\u0103: suntem pe un fel de bordur\u0103 \u00een interiorul cupolei bisericii Sf. Petru. <a href=\"https:\/\/www.viata.org\/wp-content\/uploads\/2019\/02\/koen-mare.jpg\"><img loading=\"lazy\" decoding=\"async\" class=\"alignright size-medium wp-image-5048\" src=\"https:\/\/www.viata.org\/wp-content\/uploads\/2019\/02\/koen-mare-300x215.jpg\" alt=\"\" width=\"300\" height=\"215\" srcset=\"https:\/\/www.viata.org\/wp-content\/uploads\/2019\/02\/koen-mare-300x215.jpg 300w, https:\/\/www.viata.org\/wp-content\/uploads\/2019\/02\/koen-mare-768x551.jpg 768w, https:\/\/www.viata.org\/wp-content\/uploads\/2019\/02\/koen-mare-1024x735.jpg 1024w, https:\/\/www.viata.org\/wp-content\/uploads\/2019\/02\/koen-mare.jpg 1920w\" sizes=\"auto, (max-width: 300px) 100vw, 300px\" \/><\/a>Jos se v\u0103d oamenii mici, mici, ca ni\u0219te furnici!! Eu sunt deja transpirat \u00een palme. \u201dSebi, \u021bi-e bine? E\u0219ti alb la fa\u021b\u0103!\u201d \u00eemi zice un coleg. Plasa de s\u00e2rm\u0103 care \u00eemprejmuie\u0219te pasajul este parc\u0103 de h\u00e2rtie \u0219i pare c\u0103 se mi\u0219c\u0103&#8230; Colegul m\u0103 ia de m\u00e2n\u0103, merg aproape lipid de perete \u0219i reu\u0219esc s\u0103 trec mai departe: intr\u0103m din nou \u00een interiorul cl\u0103dirii. Aici, o alt\u0103 aventur\u0103: mergem cumva apleca\u021bi \u00een dreapta, pe ni\u0219te sc\u0103ri foarte \u00eenguste, \u00eentre peretele interior \u0219i cel exterior al cupolei. Iar m\u0103 \u00eentreb cine naiba m-o fi pus s\u0103 m\u0103 bag aici!!!<\/p>\n<p style=\"text-align: justify;\"><a href=\"https:\/\/www.viata.org\/wp-content\/uploads\/2019\/02\/DSC00595-mare.jpg\"><img loading=\"lazy\" decoding=\"async\" class=\"alignleft size-medium wp-image-5053\" src=\"https:\/\/www.viata.org\/wp-content\/uploads\/2019\/02\/DSC00595-mare-300x225.jpg\" alt=\"\" width=\"300\" height=\"225\" srcset=\"https:\/\/www.viata.org\/wp-content\/uploads\/2019\/02\/DSC00595-mare-300x225.jpg 300w, https:\/\/www.viata.org\/wp-content\/uploads\/2019\/02\/DSC00595-mare-768x576.jpg 768w, https:\/\/www.viata.org\/wp-content\/uploads\/2019\/02\/DSC00595-mare-1024x768.jpg 1024w, https:\/\/www.viata.org\/wp-content\/uploads\/2019\/02\/DSC00595-mare-640x480.jpg 640w, https:\/\/www.viata.org\/wp-content\/uploads\/2019\/02\/DSC00595-mare.jpg 1920w\" sizes=\"auto, (max-width: 300px) 100vw, 300px\" \/><\/a>Sus, pe cupol\u0103, balulstrada exterioar\u0103 este din piatr\u0103 \u0219i destul de \u00eenalt\u0103, din fericire, a\u0219a c\u0103 reu\u0219esc s\u0103 m\u0103 mai potolesc \u0219i chiar fac ni\u0219te poze. \u0218i, tot din fericire, cobor\u00e2rea se face pe alt traseu: nu mai ajungem prin acel pasaj&#8230;<\/p>\n<p style=\"text-align: justify;\">Aceast\u0103 fric\u0103 de \u00een\u0103l\u021bime m-a \u021binut p\u00e2n\u0103 mult \u00eencoace, spre 2015&#8230; \u0218i s\u0103 nu crede\u021bi c\u0103 nu voiam s\u0103 dispar\u0103, \u00eens\u0103 oric\u00e2t m-a\u0219 fi \u00eencurajat eu, de fiecare dat\u0103 senza\u021bia care m\u0103 cuprindea era total paralizant\u0103&#8230; Pur \u0219i simplu nu puteam s\u0103 mai fac nimic, m\u0103 lua cu ame\u021beal\u0103, m\u0103 albeam la fa\u021b\u0103, \u00eemi transpirau palmele \u0219i \u00eencepeau s\u0103-mi tremure genunchii. DA, nu puteam s\u0103-mi \u021bin genunchii lini\u0219ti\u021bi, \u00eemi tremurau multe minute sau chiar zeci de minute dup\u0103 ce aveam o experien\u021b\u0103 la \u00een\u0103l\u021bime.<\/p>\n<p style=\"text-align: justify;\">Cu drag,<\/p>\n<p style=\"text-align: right;\">Sebastian<\/p>\n<p style=\"text-align: right;\">22 ianuarie 2019, \u00een avion spre cas\u0103<\/p>\n","protected":false},"excerpt":{"rendered":"<p>De c\u00e2nd m\u0103 \u0219tiu mi-a fost fric\u0103 de \u00een\u0103l\u021bime. Aveam o fric\u0103 grav\u0103, profund\u0103. Perfid\u0103. At\u00e2t de puternic\u0103 \u00eenc\u00e2t mul\u021bi ani de zile am fost paralizat de fric\u0103 dac\u0103 eram la un etaj \u201dsuperior\u201d gen 3 sau 4. Ba mai mult, frica se manifesta chiar \u0219i la etajul 2: dac\u0103 eram pentru prima dat\u0103 undeva,&#8230;<\/p>\n","protected":false},"author":2,"featured_media":5061,"comment_status":"open","ping_status":"open","sticky":false,"template":"","format":"standard","meta":{"_bbp_topic_count":0,"_bbp_reply_count":0,"_bbp_total_topic_count":0,"_bbp_total_reply_count":0,"_bbp_voice_count":0,"_bbp_anonymous_reply_count":0,"_bbp_topic_count_hidden":0,"_bbp_reply_count_hidden":0,"_bbp_forum_subforum_count":0,"footnotes":""},"categories":[156],"tags":[],"class_list":["post-5038","post","type-post","status-publish","format-standard","has-post-thumbnail","hentry","category-despre-frica-2"],"_links":{"self":[{"href":"https:\/\/www.viata.org\/ro\/wp-json\/wp\/v2\/posts\/5038","targetHints":{"allow":["GET"]}}],"collection":[{"href":"https:\/\/www.viata.org\/ro\/wp-json\/wp\/v2\/posts"}],"about":[{"href":"https:\/\/www.viata.org\/ro\/wp-json\/wp\/v2\/types\/post"}],"author":[{"embeddable":true,"href":"https:\/\/www.viata.org\/ro\/wp-json\/wp\/v2\/users\/2"}],"replies":[{"embeddable":true,"href":"https:\/\/www.viata.org\/ro\/wp-json\/wp\/v2\/comments?post=5038"}],"version-history":[{"count":10,"href":"https:\/\/www.viata.org\/ro\/wp-json\/wp\/v2\/posts\/5038\/revisions"}],"predecessor-version":[{"id":7972,"href":"https:\/\/www.viata.org\/ro\/wp-json\/wp\/v2\/posts\/5038\/revisions\/7972"}],"wp:featuredmedia":[{"embeddable":true,"href":"https:\/\/www.viata.org\/ro\/wp-json\/wp\/v2\/media\/5061"}],"wp:attachment":[{"href":"https:\/\/www.viata.org\/ro\/wp-json\/wp\/v2\/media?parent=5038"}],"wp:term":[{"taxonomy":"category","embeddable":true,"href":"https:\/\/www.viata.org\/ro\/wp-json\/wp\/v2\/categories?post=5038"},{"taxonomy":"post_tag","embeddable":true,"href":"https:\/\/www.viata.org\/ro\/wp-json\/wp\/v2\/tags?post=5038"}],"curies":[{"name":"wp","href":"https:\/\/api.w.org\/{rel}","templated":true}]}}