{"id":793,"date":"2019-01-11T09:05:32","date_gmt":"2019-01-11T09:05:32","guid":{"rendered":"https:\/\/dev.viata.ga\/?p=793"},"modified":"2025-08-26T09:22:04","modified_gmt":"2025-08-26T07:22:04","slug":"despre-echipa","status":"publish","type":"post","link":"https:\/\/www.viata.org\/ro\/2019\/01\/despre-echipa\/","title":{"rendered":"Despre echip\u0103"},"content":{"rendered":"<h3><strong><em>Despre echip\u0103<\/em><\/strong><\/h3>\r\n<p style=\"text-align: justify;\">Echipa noastr\u0103 este cea care a f\u0103cut posibil\u0103 lansarea proiectului <em>VIA\u021aA<\/em> \u0219i cea care ne sus\u021bine permanent munca, \u00een mod voluntar sau pl\u0103tit, dup\u0103 caz. Ea va fi reorganizat\u0103 de fiecare dat\u0103 c\u00e2nd este nevoie pentru ca aceast\u0103 comunitate s\u0103 aib\u0103 cele mai bune condi\u021bii s\u0103 creasc\u0103 \u0219i s\u0103 evolueze.<\/p>\r\n<p style=\"text-align: justify;\">Fiecare dintre membrii echipei contribuie pe diverse zone, astfel:<\/p>\r\n<p style=\"text-align: justify;\"><strong><em>Cosmin T.<\/em><\/strong> este IT-istul nostru, cel care ne-a creat platforma tehnic\u0103, adic\u0103 site-ul cu tot ce implic\u0103 \u00een spate.<\/p>\r\n<p style=\"text-align: justify;\"><em><strong>Cristian D.<\/strong><\/em> este implicat \u00een zona de cercetare a subiectelor, identificare a materialelor de interes, promovare a platformei \u0219i a evenimentelor.<\/p>\r\n<p style=\"text-align: justify;\">Ne bucur\u0103m enorm s\u0103 lucr\u0103m cu to\u021bi \u0219i le mul\u021bumim pentru tot sprijinul lor \u00een dezvoltarea acestei minunate comunit\u0103\u021bi!!! \ud83d\ude42<\/p>\r\n<p style=\"text-align: justify;\">Cu drag,<\/p>\r\n<p style=\"text-align: right;\">Sebastian \u0219i C\u0103t\u0103lina<\/p>","protected":false},"excerpt":{"rendered":"<p>Echipa noastr\u0103 este cea care a f\u0103cut posibil\u0103 lansarea proiectului VIA\u021aA \u0219i cea care ne sus\u021bine permanent munca, \u00een mod voluntar sau pl\u0103tit, dup\u0103 caz. Ea va fi reorganizat\u0103 de fiecare dat\u0103 c\u00e2nd este nevoie pentru ca aceast\u0103 comunitate s\u0103 aib\u0103 cele mai bune condi\u021bii s\u0103 creasc\u0103 \u0219i s\u0103 evolueze. Fiecare dintre membrii echipei contribuie&#8230;<\/p>\n","protected":false},"author":2,"featured_media":7442,"comment_status":"open","ping_status":"open","sticky":false,"template":"","format":"standard","meta":{"_bbp_topic_count":0,"_bbp_reply_count":0,"_bbp_total_topic_count":0,"_bbp_total_reply_count":0,"_bbp_voice_count":0,"_bbp_anonymous_reply_count":0,"_bbp_topic_count_hidden":0,"_bbp_reply_count_hidden":0,"_bbp_forum_subforum_count":0,"footnotes":""},"categories":[175],"tags":[],"class_list":["post-793","post","type-post","status-publish","format-standard","has-post-thumbnail","hentry","category-calea-noastra"],"_links":{"self":[{"href":"https:\/\/www.viata.org\/ro\/wp-json\/wp\/v2\/posts\/793","targetHints":{"allow":["GET"]}}],"collection":[{"href":"https:\/\/www.viata.org\/ro\/wp-json\/wp\/v2\/posts"}],"about":[{"href":"https:\/\/www.viata.org\/ro\/wp-json\/wp\/v2\/types\/post"}],"author":[{"embeddable":true,"href":"https:\/\/www.viata.org\/ro\/wp-json\/wp\/v2\/users\/2"}],"replies":[{"embeddable":true,"href":"https:\/\/www.viata.org\/ro\/wp-json\/wp\/v2\/comments?post=793"}],"version-history":[{"count":9,"href":"https:\/\/www.viata.org\/ro\/wp-json\/wp\/v2\/posts\/793\/revisions"}],"predecessor-version":[{"id":9229,"href":"https:\/\/www.viata.org\/ro\/wp-json\/wp\/v2\/posts\/793\/revisions\/9229"}],"wp:featuredmedia":[{"embeddable":true,"href":"https:\/\/www.viata.org\/ro\/wp-json\/wp\/v2\/media\/7442"}],"wp:attachment":[{"href":"https:\/\/www.viata.org\/ro\/wp-json\/wp\/v2\/media?parent=793"}],"wp:term":[{"taxonomy":"category","embeddable":true,"href":"https:\/\/www.viata.org\/ro\/wp-json\/wp\/v2\/categories?post=793"},{"taxonomy":"post_tag","embeddable":true,"href":"https:\/\/www.viata.org\/ro\/wp-json\/wp\/v2\/tags?post=793"}],"curies":[{"name":"wp","href":"https:\/\/api.w.org\/{rel}","templated":true}]}}