{"id":8117,"date":"2019-04-22T08:55:16","date_gmt":"2019-04-22T06:55:16","guid":{"rendered":"https:\/\/www.viata.org\/?p=8117"},"modified":"2021-09-16T13:05:32","modified_gmt":"2021-09-16T11:05:32","slug":"revelionul-2019-2020","status":"publish","type":"post","link":"https:\/\/www.viata.org\/ro\/2019\/04\/revelionul-2019-2020\/","title":{"rendered":"Revelionul \u2013 2022\/2023"},"content":{"rendered":"\n<h3><strong><em>S\u0103rb\u0103torile de iarn\u0103<\/em><\/strong><\/h3>\n<h3><strong><em>Revelionul \u2013 2022\/2023<\/em><\/strong><\/h3>\n<p style=\"text-align: justify;\">Pentru c\u0103 dac\u0103 vrem s\u0103 schimb\u0103m ceva trebuie s\u0103 venim cu altceva \u00een loc, ne-am g\u00e2ndit la o nou\u0103 modalitate de a petrece revelionul. S\u0103-l scoatem de tot din via\u021ba noastr\u0103 nu este o idee bun\u0103: toat\u0103 lumea se bucur\u0103 de fiecare dat\u0103 c\u00e2nd \u00eencepe un an nou. P\u0103m\u00e2ntul a terminat o rota\u021bie \u00een jurul Soarelui \u0219i \u00eencepe alta. \ud83d\ude00 A\u0219a c\u0103 ne putem bucura \u0219i noi, \u00eens\u0103 altfel. \ud83d\ude0e\u00a0<\/p>\n<p style=\"text-align: justify;\"><strong><em>O modalitate s\u0103n\u0103toas\u0103 de la un cap\u0103t la altul de a petrece revelionul,<\/em><\/strong> adic\u0103:<\/p>\n<ul style=\"text-align: justify;\">\n<li><em><strong>Loca\u021bia va fi undeva la munte:<\/strong><\/em> la noi sau la bulgari (<a href=\"https:\/\/www.viata.org\/ro\/2019\/02\/schiul-la-bansko\/\">Borovets sau Bansko<\/a>). Asta \u00een ideea c\u0103 vom respira aer curat, ne vom plimba pe jos \u0219i vom schia \u2013 cine vrea. <a href=\"https:\/\/www.viata.org\/wp-content\/uploads\/2019\/01\/skier-mic.jpg\"><img loading=\"lazy\" decoding=\"async\" class=\"alignright size-medium wp-image-1647\" src=\"https:\/\/www.viata.org\/wp-content\/uploads\/2019\/01\/skier-mic-300x194.jpg\" alt=\"\" width=\"300\" height=\"194\" srcset=\"https:\/\/www.viata.org\/wp-content\/uploads\/2019\/01\/skier-mic-300x194.jpg 300w, https:\/\/www.viata.org\/wp-content\/uploads\/2019\/01\/skier-mic.jpg 600w\" sizes=\"auto, (max-width: 300px) 100vw, 300px\" \/><\/a>Ambele sunt cele mai aproape destina\u021bii \u0219i putem ajunge u\u0219or &#8211; spre deosebire de Austria.<\/li>\n<li><strong><em>Micul dejun, precum \u0219i celelalte mese<\/em><\/strong> (c\u00e2nd va fi cazul) pe care le vom lua la hotel vor fi <strong><em>vegane<\/em><\/strong> \u0219i vor respecta principiile noastre.<\/li>\n<li>Petrecerea de Revelion este principalul eveniment. \ud83d\ude0e \ud83d\ude2e \ud83d\ude08 Programul general, c\u00e2te zile vom sta, celelalte activit\u0103\u021bi sunt colaterale \u0219i vor fi modificate \u00een func\u021bie de feedback-ul vostru. \ud83d\ude09\u00a0<\/li>\n<li><em><strong>Petrecerea va avea loc c\u00e2t este posibil \u00een orele \u00een care suntem \u00een mod normal activi.<\/strong><\/em> Nu noaptea. <em>Noaptea este necesar\u0103 pentru a l\u0103sa organismului nostru timp de \u201dr\u0103cire\u201d.<\/em> Altfel se uzeaz\u0103 mai repede dec\u00e2t am vrea&#8230; e normal. Ca orice aparat utilizat mai mult dec\u00e2t timpul de utilizare recomandat, f\u0103r\u0103 a-i l\u0103sa pauza cerut\u0103 de produc\u0103tor. \ud83d\ude00<\/li>\n<li>Cu excep\u021bia petrecerii de revelion, c\u00e2nd se va servi \u2013 cine dore\u0219te \u2013 un pahar de \u0219ampanie la trecerea dintre ani, <em><strong>la acest program nu se serve\u0219te alcool, cafea, b\u0103uturi r\u0103coritoare, energizante.<\/strong><\/em> <strong><em>Ce se serve\u0219te<\/em><\/strong>: ap\u0103, ceai, fresh, limonad\u0103.<\/li>\n<li>\u00cen ceea ce prive\u0219te fumatul, nici aceast\u0103 activitate nu este \u00een acord cu principiile s\u0103n\u0103toase de via\u021b\u0103, motiv pentru care v\u0103 recomand\u0103m <strong>cu insisten\u021b\u0103<\/strong> \u2013 dac\u0103 dori\u021bi s\u0103 participa\u021bi la acest eveniment \u2013 s\u0103 <strong><em>lua\u021bi \u00een considerare o pauz\u0103 de fumat<\/em><\/strong>.<\/li>\n<\/ul>\n<p><em><strong>Propunere de program:<\/strong><\/em><\/p>\n<ul style=\"text-align: justify;\">\n<li><strong><em>Sosirea: 30 decembrie.<\/em><\/strong> Program:<\/li>\n<li>18:00 \u2013 19:00 \u2013 medita\u021bie (cine dore\u0219te)<\/li>\n<li>19:30 \u2013 21:30 \u2013 mas\u0103<\/li>\n<li><em><strong>Programul \u00een ziua de revelion va fi \u00een linii mari urm\u0103torul:<\/strong><\/em><\/li>\n<li>07:00 \u2013 medita\u021bie (cine dore\u0219te);<\/li>\n<li>07:45 \u2013 mic dejun;<\/li>\n<li>08:30 \u2013 13:00 \u2013 schi<\/li>\n<\/ul>\n<p style=\"text-align: justify;\">sau<\/p>\n<ul style=\"text-align: justify;\">\n<li>08:30 \u2013 13:00 \u2013 plimbare \u00een \u00eemprejurimi, pe jos<\/li>\n<\/ul>\n<p style=\"text-align: justify;\">apoi<\/p>\n<ul style=\"text-align: justify;\">\n<li>13:00 \u2013 14:00 \u2013 mas\u0103 de pr\u00e2nz<\/li>\n<li>14:00 \u2013 16:00 \u2013 workshop<\/li>\n<li>16:00 \u2013 17:00 \u2013 program liber<\/li>\n<li>17:00 \u2013 18:00 \u2013 medita\u021bie (cine dore\u0219te \u2013 altfel program liber)<\/li>\n<li>18:30 \u2013 deschiderea petrecerii<\/li>\n<li>18:30 \u2013 22:00 \u2013 se servesc maxim 3 feluri de m\u00e2ncare sau bufet suedez<\/li>\n<li>20:00 \u2013 muzic\u0103 de ridicare a nivelului de energie<\/li>\n<li>23:55 \u2013 cele 15 minute speciale la trecerea dintre ani<\/li>\n<li>00:10 \u2013 00:30 \u2013 \u00eenchiderea petrecerii<\/li>\n<li><em><strong>Programul de a doua zi (1 ianuarie 2023 \ud83d\ude0e ):<\/strong><\/em><\/li>\n<li>07:00 \u2013 medita\u021bie (cine dore\u0219te)<\/li>\n<li>08:15 \u2013 09:00 \u2013 mic dejun<\/li>\n<li>09:30 \u2013 11:15 \u2013 workshop<\/li>\n<li>12:00 \u2013 16:00 \u2013 schi<\/li>\n<\/ul>\n<p style=\"text-align: justify;\">sau<\/p>\n<ul style=\"text-align: justify;\">\n<li>12:00 \u2013 16:00 \u2013 alte activit\u0103\u021bi (de completat)<\/li>\n<\/ul>\n<p style=\"text-align: justify;\">apoi<\/p>\n<ul style=\"text-align: justify;\">\n<li>16:00 \u2013 18:00 \u2013 program liber<\/li>\n<li>18:00 \u2013 19:00 \u2013 medita\u021bie (cine dore\u0219te \u2013 altfel program liber)<\/li>\n<li>19:30 \u2013 20:30 \u2013 masa<\/li>\n<li>21:15 \u2013 22:00 \u2013 medita\u021bie<\/li>\n<li><em><strong>Programul pentru 2-6 ianuarie :<\/strong><\/em><\/li>\n<li>06:45 \u2013 07:30 \u2013 medita\u021bie (cine dore\u0219te);<\/li>\n<li>07:45 \u2013 mic dejun;<\/li>\n<li>08:30 \u2013 13:00 \u2013 schi<\/li>\n<li>13:00 \u2013 14:00 \u2013 mas\u0103 de pr\u00e2nz<\/li>\n<li>14:00 \u2013 16:00 \u2013 schi<\/li>\n<li>16:00 \u2013 18:00 \u2013 program liber<\/li>\n<li>18:00 \u2013 19:00 \u2013 medita\u021bie (cine dore\u0219te \u2013 altfel program liber)<\/li>\n<li>19:30 \u2013 20:30 \u2013 masa<\/li>\n<li>21:15 \u2013 22:00 \u2013 medita\u021bie<\/li>\n<li><em><strong>Plecarea (cei care r\u0103m\u00e2n p\u00e2n\u0103 la sf\u00e2r\u0219it): 7 ianuarie, astfel:<\/strong><\/em><\/li>\n<li>07:00 \u2013 medita\u021bie (cine dore\u0219te)<\/li>\n<li>08:15 \u2013 09:00 \u2013 mic dejun<\/li>\n<li>09:30 \u2013 10:30 \u2013 workshop \u2013 \u00eenchiderea<\/li>\n<\/ul>\n<p style=\"text-align: justify;\">Aceast\u0103 propunere am preg\u0103tit-o cu speran\u021ba c\u0103 sunt printre voi, membrii acestei comunita\u021bi, unii care vor fi <strong><em>\u00eenc\u00e2nta\u021bi<\/em><\/strong> s\u0103 fac\u0103 revelionul 2022\/2023 astfel. Pentru cei care vor altceva \ud83d\ude09<\/p>\n<p>Cu drag!! \ud83d\ude42<\/p>\n<p style=\"text-align: right;\">Sebastian \u0219i C\u0103t\u0103lina<\/p>\n<p style=\"text-align: right;\">4 ianuarie 2019, Ro\u0219u<\/p>\n<p style=\"text-align: justify;\">P.S. A\u0219tept\u0103m confirm\u0103rile voastre pe <a href=\"http:\/\/membri@viata.org\">emailul membrilor<\/a> cu subiectul \u201dRev2022\/2023\u201d p\u00e2n\u0103 la 1 august 2022<\/p>\n","protected":false},"excerpt":{"rendered":"<p>Pentru c\u0103 dac\u0103 vrem s\u0103 schimb\u0103m ceva trebuie s\u0103 venim cu altceva \u00een loc, ne-am g\u00e2ndit la o nou\u0103 modalitate de a petrece revelionul. S\u0103-l scoatem de tot din via\u021ba noastr\u0103 nu este o idee bun\u0103: toat\u0103 lumea se bucur\u0103 de fiecare dat\u0103 c\u00e2nd \u00eencepe un an nou. P\u0103m\u00e2ntul a terminat o rota\u021bie \u00een jurul&#8230;<\/p>\n","protected":false},"author":2,"featured_media":8127,"comment_status":"open","ping_status":"open","sticky":false,"template":"","format":"standard","meta":{"_bbp_topic_count":0,"_bbp_reply_count":0,"_bbp_total_topic_count":0,"_bbp_total_reply_count":0,"_bbp_voice_count":0,"_bbp_anonymous_reply_count":0,"_bbp_topic_count_hidden":0,"_bbp_reply_count_hidden":0,"_bbp_forum_subforum_count":0,"footnotes":""},"categories":[112],"tags":[],"class_list":["post-8117","post","type-post","status-publish","format-standard","has-post-thumbnail","hentry","category-workshop-uri-2"],"_links":{"self":[{"href":"https:\/\/www.viata.org\/ro\/wp-json\/wp\/v2\/posts\/8117","targetHints":{"allow":["GET"]}}],"collection":[{"href":"https:\/\/www.viata.org\/ro\/wp-json\/wp\/v2\/posts"}],"about":[{"href":"https:\/\/www.viata.org\/ro\/wp-json\/wp\/v2\/types\/post"}],"author":[{"embeddable":true,"href":"https:\/\/www.viata.org\/ro\/wp-json\/wp\/v2\/users\/2"}],"replies":[{"embeddable":true,"href":"https:\/\/www.viata.org\/ro\/wp-json\/wp\/v2\/comments?post=8117"}],"version-history":[{"count":15,"href":"https:\/\/www.viata.org\/ro\/wp-json\/wp\/v2\/posts\/8117\/revisions"}],"predecessor-version":[{"id":8967,"href":"https:\/\/www.viata.org\/ro\/wp-json\/wp\/v2\/posts\/8117\/revisions\/8967"}],"wp:featuredmedia":[{"embeddable":true,"href":"https:\/\/www.viata.org\/ro\/wp-json\/wp\/v2\/media\/8127"}],"wp:attachment":[{"href":"https:\/\/www.viata.org\/ro\/wp-json\/wp\/v2\/media?parent=8117"}],"wp:term":[{"taxonomy":"category","embeddable":true,"href":"https:\/\/www.viata.org\/ro\/wp-json\/wp\/v2\/categories?post=8117"},{"taxonomy":"post_tag","embeddable":true,"href":"https:\/\/www.viata.org\/ro\/wp-json\/wp\/v2\/tags?post=8117"}],"curies":[{"name":"wp","href":"https:\/\/api.w.org\/{rel}","templated":true}]}}